{"id":13697,"date":"2026-09-03T06:00:39","date_gmt":"2026-09-03T04:00:39","guid":{"rendered":"https:\/\/dominique-ara.com\/?p=13697"},"modified":"2026-09-03T05:52:23","modified_gmt":"2026-09-03T03:52:23","slug":"equipe-divisee-ou-prendre-appui","status":"publish","type":"post","link":"https:\/\/dominique-ara.com\/fr\/blog\/equipe-divisee-ou-prendre-appui\/","title":{"rendered":"Face \u00e0 une \u00e9quipe divis\u00e9e, o\u00f9 prendre appui ?"},"content":{"rendered":"\r\n<p class=\"wp-block-paragraph\"><strong>Team coaching\u00a0<\/strong><\/p>\r\n\r\n\r\n\r\n<p class=\"wp-block-paragraph\">Deux clans dans ton \u00e9quipe, et l\u2019impression que trancher ne r\u00e9glera rien. Tu repousses, l\u2019inaction p\u00e8se, et tu finis par te dire que tu manques de courage.<\/p>\r\n\r\n\r\n\r\n<h2>\u00a0<\/h2>\r\n<h2>Quand intervenir semble vouloir dire choisir un camp<\/h2>\r\n\r\n\r\n\r\n<p class=\"wp-block-paragraph\">Personne ne le dit, mais tout le monde le sent. Dans les r\u00e9unions, les regards et les silences dessinent les camps avant m\u00eame que quelqu\u2019un prenne la parole.<br \/>Depuis le d\u00e9part de l\u2019ancien responsable, quelque chose s\u2019est install\u00e9. Certaines lui restent tr\u00e8s attach\u00e9es. D\u2019autres veulent passer \u00e0 la suite.\u00a0<\/p>\r\n\r\n\r\n\r\n\r\n\r\n<p class=\"wp-block-paragraph\">Tu sais qu\u2019il faut agir. Mais comment ? Donner raison aux uns, cadrer les autres? Demander \u00e0 tout le monde d\u2019avancer en oubliant le pass\u00e9? <br \/>Tu doutes que cela r\u00e8gle quoi que ce soit. Alors tu h\u00e9sites. Une semaine. Puis une autre. L\u2019attente, elle aussi, p\u00e8se et le ph\u00e9nom\u00e8ne s\u2019ancre\u2026\u00a0<\/p>\r\n\r\n\r\n\r\n\r\n\r\n<p class=\"wp-block-paragraph\">Une dirigeante que j\u2019accompagne traverse cette situation. Elle se sent coinc\u00e9e et s&rsquo;interroge sur son courage.\u00a0 <br \/>Dans nos \u00e9changes, nous explorons ce qui pourrait lui donner un appui pour intervenir.<\/p>\r\n\r\n\r\n\r\n<h2 class=\"wp-block-heading\">\u00a0<\/h2>\r\n<h2>Prendre appui sur ta fonction<\/h2>\r\n\r\n\r\n\r\n<p class=\"wp-block-paragraph\">Face \u00e0 une \u00e9quipe divis\u00e9e, tu peux vite te sentir personnellement expos\u00e9e. Que vont-ils penser de toi ? Vont-ils te rejeter ? Sauras-tu faire face \u00e0 leurs r\u00e9actions ?<\/p>\r\n\r\n\r\n\r\n<p class=\"wp-block-paragraph\">La distinction entre la personne et le r\u00f4le, que j\u2019ai notamment explor\u00e9e \u00e0 travers le travail de Julie Diamond, offre un point d\u2019appui pr\u00e9cieux.<br \/>Tu occupes une fonction. Elle te confie un mandat, des responsabilit\u00e9s et une autorit\u00e9 pour les exercer. Parmi ces responsabilit\u00e9s : prendre soin des conditions dans lesquelles l\u2019\u00e9quipe travaille et coop\u00e8re.<\/p>\r\n\r\n\r\n\r\n\r\n\r\n<p class=\"wp-block-paragraph\">Tu peux donc ouvrir une discussion difficile au titre de cette responsabilit\u00e9. Tu auras peut-\u00eatre le c\u0153ur qui bat. Certaines r\u00e9actions te toucheront. Tu peux n\u00e9anmoins agir sans faire de l\u2019approbation de chacun la mesure de ta valeur.<\/p>\r\n\r\n\r\n\r\n<p class=\"wp-block-paragraph\">La question devient alors :<\/p>\r\n\r\n\r\n\r\n<div class=\"wp-block-group has-background is-layout-constrained wp-container-core-group-is-layout-cbd28584 wp-block-group-is-layout-constrained\" style=\"border-left-color: #2E9E84; border-left-width: 5px; border-top-right-radius: 14px; border-bottom-right-radius: 14px; background-color: #eaf6f2; padding: 1.3rem 1.5rem 1.4rem 1.5rem;\">\r\n<p class=\"has-text-color wp-block-paragraph\" style=\"color: #2e9e84; font-size: 0.75rem; font-style: normal; font-weight: bold; letter-spacing: 0.16em; text-transform: uppercase;\">Le levier<\/p>\r\n\r\n\r\n\r\n<p class=\"has-text-color wp-block-paragraph\" style=\"color: #3d4a5c;\"><strong>\u00ab Qu\u2019est-ce que ma fonction m\u2019appelle \u00e0 prendre en charge dans cette situation ? \u00bb<\/strong><\/p>\r\n<\/div>\r\n\r\n\r\n\r\n<p class=\"wp-block-paragraph\">Ce d\u00e9placement peut t\u2019aider \u00e0 retrouver une marge de man\u0153uvre. Il reste ensuite \u00e0 choisir comment intervenir.<\/p>\r\n\r\n\r\n\r\n<h2 class=\"wp-block-heading\">\u00a0<\/h2>\r\n<h2>Regarder ce qui entretient la division<\/h2>\r\n\r\n\r\n\r\n<p class=\"wp-block-paragraph\">L\u2019\u00e9tiquette \u00ab deux clans \u00bb d\u00e9crit une fracture visible. Elle nous renseigne encore peu sur ce qui se passe entre les personnes.<\/p>\r\n\r\n\r\n\r\n<p class=\"wp-block-paragraph\">Prenons cette \u00e9quipe apr\u00e8s le d\u00e9part de son responsable. Pour certaines personnes, reprendre le travail comme avant pourrait ressembler \u00e0 une forme de d\u00e9loyaut\u00e9. Pour d\u2019autres, revenir sur ce d\u00e9part emp\u00eacherait d\u2019avancer. Le silence de quelques coll\u00e8gues pourrait traduire de l\u2019indiff\u00e9rence, de la prudence ou simplement l\u2019envie de rester \u00e0 distance du conflit.<\/p>\r\n\r\n\r\n\r\n<p class=\"wp-block-paragraph\">Ces interpr\u00e9tations restent des hypoth\u00e8ses. L\u2019\u00e9quipe doit pouvoir exprimer son propre v\u00e9cu.<\/p>\r\n\r\n\r\n\r\n<p class=\"wp-block-paragraph\">Le regard syst\u00e9mique invite surtout \u00e0 observer comment les r\u00e9actions s\u2019encha\u00eenent. Une personne d\u00e9fend l\u2019ancien chef. Une autre se ferme. La premi\u00e8re interpr\u00e8te ce retrait comme du m\u00e9pris et insiste davantage. La seconde \u00e9vite d\u00e9sormais le sujet. Peu \u00e0 peu, chacune trouve dans l\u2019attitude de l\u2019autre une raison de maintenir la sienne.<\/p>\r\n\r\n\r\n\r\n<p class=\"wp-block-paragraph\"><strong>La division se renforce \u00e0 travers ces interactions.<\/strong><\/p>\r\n\r\n\r\n\r\n<p class=\"wp-block-paragraph\">Ta propre attitude entre aussi dans cette dynamique. Ton silence peut \u00eatre compris comme de la prudence, une approbation ou un refus d\u2019entendre. Tes appels \u00e0 avancer peuvent rassurer certaines personnes et en braquer d\u2019autres.<\/p>\r\n\r\n\r\n\r\n<p class=\"wp-block-paragraph\">Comprendre ces encha\u00eenements ouvre des possibilit\u00e9s d\u2019action.<\/p>\r\n\r\n\r\n\r\n<h2 class=\"wp-block-heading\">\u00a0<\/h2>\r\n<h2>Nommer ce que tu observes, puis \u00e9couter<\/h2>\r\n\r\n\r\n\r\n<p class=\"wp-block-paragraph\">Tu peux commencer par partager ton observation et ton ressenti, en laissant \u00e0 l\u2019\u00e9quipe la possibilit\u00e9 de les discuter :<\/p>\r\n\r\n\r\n\r\n<div class=\"wp-block-group has-background is-layout-constrained wp-container-core-group-is-layout-d1dad0c4 wp-block-group-is-layout-constrained\" style=\"border-left-color: #E8785A; border-left-width: 4px; border-top-right-radius: 10px; border-bottom-right-radius: 10px; background-color: #fbf3f0; padding: 0.9rem 1.3rem 0.9rem 1.3rem;\">\r\n<p class=\"has-text-color wp-block-paragraph\" style=\"color: #3d4a5c; font-style: italic; font-weight: 400;\"><strong>\u00ab Depuis plusieurs semaines, je per\u00e7ois une distance entre vous et je ressens un malaise dans nos \u00e9changes. Comment voyez-vous la situation, vous ? \u00bb<\/strong><\/p>\r\n<\/div>\r\n\r\n\r\n\r\n<p class=\"wp-block-paragraph\">Puis laisser du silence. Accueillir les premi\u00e8res r\u00e9ponses. Demander des exemples avant de chercher une explication.<\/p>\r\n\r\n\r\n\r\n<p class=\"wp-block-paragraph\">Le groupe pourrait dire :<\/p>\r\n\r\n\r\n\r\n<div class=\"wp-block-group has-background is-layout-constrained wp-container-core-group-is-layout-d1dad0c4 wp-block-group-is-layout-constrained\" style=\"border-left-color: #E8785A; border-left-width: 4px; border-top-right-radius: 10px; border-bottom-right-radius: 10px; background-color: #fbf3f0; padding: 0.9rem 1.3rem 0.9rem 1.3rem;\">\r\n<p class=\"has-text-color wp-block-paragraph\" style=\"color: #3d4a5c; font-style: italic; font-weight: 400;\">\u00ab J\u2019ai l\u2019impression qu\u2019on doit oublier tout ce qu\u2019il a fait pour nous. \u00bb<br \/>\u00ab D\u00e8s que je parle de la suite, je passe pour quelqu\u2019un de d\u00e9loyal. \u00bb<br \/>\u00ab Je pr\u00e9f\u00e8re me taire, sinon je dois choisir mon camp. \u00bb<\/p>\r\n<\/div>\r\n\r\n\r\n\r\n<p class=\"wp-block-paragraph\">Il pourrait aussi r\u00e9pondre :<\/p>\r\n\r\n\r\n\r\n<div class=\"wp-block-group has-background is-layout-constrained wp-container-core-group-is-layout-d1dad0c4 wp-block-group-is-layout-constrained\" style=\"border-left-color: #E8785A; border-left-width: 4px; border-top-right-radius: 10px; border-bottom-right-radius: 10px; background-color: #fbf3f0; padding: 0.9rem 1.3rem 0.9rem 1.3rem;\">\r\n<p class=\"has-text-color wp-block-paragraph\" style=\"color: #3d4a5c; font-style: italic; font-weight: 400;\">\u00ab Nous ne savons pas si nous pouvons vraiment en parler devant vous. \u00bb<\/p>\r\n<\/div>\r\n\r\n\r\n\r\n<p class=\"wp-block-paragraph\">Cette derni\u00e8re r\u00e9ponse m\u00e9rite autant d\u2019attention que les autres. Elle donne une information sur les conditions du dialogue.<\/p>\r\n\r\n\r\n\r\n<p class=\"wp-block-paragraph\">&nbsp;<\/p>\r\n<p>Pour approfondir, tu peux demander :<\/p>\r\n\r\n\r\n\r\n<div class=\"wp-block-group has-background is-layout-constrained wp-container-core-group-is-layout-cbd28584 wp-block-group-is-layout-constrained\" style=\"border-left-color: #2E9E84; border-left-width: 5px; border-top-right-radius: 14px; border-bottom-right-radius: 14px; background-color: #eaf6f2; padding: 1.3rem 1.5rem 1.4rem 1.5rem;\">\r\n<p class=\"has-text-color wp-block-paragraph\" style=\"color: #2e9e84; font-size: 0.75rem; font-style: normal; font-weight: bold; letter-spacing: 0.16em; text-transform: uppercase;\">L\u2019observation<\/p>\r\n\r\n\r\n\r\n<p class=\"has-text-color wp-block-paragraph\" style=\"color: #3d4a5c;\"><em><strong>\u00ab Quand quelqu\u2019un exprime un point de vue diff\u00e9rent sur ce d\u00e9part, comment r\u00e9agissons-nous ? Et que se passe-t-il ensuite ? \u00bb<\/strong><\/em><\/p>\r\n<\/div>\r\n\r\n\r\n\r\n<p class=\"wp-block-paragraph\">&nbsp;<\/p>\r\n<p>Tu peux \u00e9galement interroger ta propre contribution :<\/p>\r\n\r\n\r\n\r\n<div class=\"wp-block-group has-background is-layout-constrained wp-container-core-group-is-layout-d1dad0c4 wp-block-group-is-layout-constrained\" style=\"border-left-color: #E8785A; border-left-width: 4px; border-top-right-radius: 10px; border-bottom-right-radius: 10px; background-color: #fbf3f0; padding: 0.9rem 1.3rem 0.9rem 1.3rem;\">\r\n<p class=\"has-text-color wp-block-paragraph\" style=\"color: #3d4a5c; font-style: italic; font-weight: 400;\"><strong>\u00ab Dans ma mani\u00e8re d\u2019accompagner cette situation, qu\u2019est-ce qui vous aide ? Qu\u2019est-ce qui rend les \u00e9changes plus difficiles ? \u00bb<\/strong><\/p>\r\n<\/div>\r\n\r\n\r\n\r\n<p class=\"wp-block-paragraph\">Tu ouvres ainsi une discussion dont tu acceptes de d\u00e9couvrir les r\u00e9ponses.<\/p>\r\n\r\n\r\n\r\n<h2 class=\"wp-block-heading\">\u00a0<\/h2>\r\n<h2>Retrouver des possibilit\u00e9s de coop\u00e9ration<\/h2>\r\n\r\n\r\n\r\n<p class=\"wp-block-paragraph\">Nommer le malaise constitue un premier geste. La suite demande parfois plusieurs \u00e9changes, des clarifications et des d\u00e9cisions qui rel\u00e8vent de ta fonction.<\/p>\r\n\r\n\r\n\r\n<p class=\"wp-block-paragraph\">L\u2019\u00e9quipe peut garder des lectures diff\u00e9rentes du d\u00e9part de son ancien responsable et construire des accords concrets pour travailler ensemble.<\/p>\r\n\r\n\r\n\r\n<p class=\"wp-block-paragraph\">Une question permet d\u2019engager ce travail :<\/p>\r\n\r\n\r\n\r\n<div class=\"wp-block-group has-background is-layout-constrained wp-container-core-group-is-layout-cbd28584 wp-block-group-is-layout-constrained\" style=\"border-left-color: #2E9E84; border-left-width: 5px; border-top-right-radius: 14px; border-bottom-right-radius: 14px; background-color: #eaf6f2; padding: 1.3rem 1.5rem 1.4rem 1.5rem;\">\r\n<p class=\"has-text-color wp-block-paragraph\" style=\"color: #2e9e84; font-size: 0.75rem; font-style: normal; font-weight: bold; letter-spacing: 0.16em; text-transform: uppercase;\">Le prochain pas<\/p>\r\n\r\n\r\n\r\n<p class=\"has-text-color wp-block-paragraph\" style=\"color: #3d4a5c;\"><em><strong>\u00ab Avec nos v\u00e9cus diff\u00e9rents de ce d\u00e9part, de quoi avons-nous besoin pour mieux coop\u00e9rer aujourd\u2019hui ? \u00bb<\/strong><\/em><\/p>\r\n<\/div>\r\n\r\n\r\n\r\n<p class=\"wp-block-paragraph\">\u00c0 partir des r\u00e9ponses, tu peux aider le groupe \u00e0 pr\u00e9ciser un premier changement : quelle pratique adopter en r\u00e9union ? Comment exprimer un d\u00e9saccord ? Quel comportement chacun s\u2019engage-t-il \u00e0 faire \u00e9voluer ? Quand prendrez-vous un moment pour regarder les effets ? Prendre appui sur ton r\u00f4le te permet d\u2019ouvrir la conversation. \u00c9couter les interactions t\u2019aide \u00e0 comprendre o\u00f9 agir. Construire des engagements avec l\u2019\u00e9quipe donne une suite concr\u00e8te \u00e0 ce qui s\u2019est dit.<\/p>\r\n\r\n\r\n\r\n\r\n\r\n<p class=\"wp-block-paragraph\">&nbsp;<\/p>\r\n\r\n\r\n\r\n<div class=\"wp-block-group has-background is-layout-constrained wp-container-core-group-is-layout-c4a4317d wp-block-group-is-layout-constrained\" style=\"border-top-color: #E8785A; border-top-width: 4px; border-radius: 14px; background-color: #f7f9f8; padding: 1.5rem 1.6rem 1.6rem 1.6rem;\">\r\n<p class=\"has-text-color wp-block-paragraph\" style=\"color: #2e9e84; font-weight: bold;\">Envie de travailler ta posture face \u00e0 une situation qui te bloque ?\u00a0 <a href=\"https:\/\/dominique-ara.com\/fr\/contact\/\">R\u00e9serve un premier \u00e9change<\/a>\u00a0<\/p>\r\n\r\n\r\n<\/div>\r\n\r\n\r\n\r\n<p class=\"has-text-color wp-block-paragraph\" style=\"color: #6b7280; font-size: 0.85rem; font-style: italic;\">Julie Diamond \u2014 sur la distinction entre le r\u00f4le et la personne dans l\u2019exercice du pouvoir.<\/p>\r\n","protected":false},"excerpt":{"rendered":"<p>Deux clans dans ton \u00e9quipe, et l&rsquo;impression que trancher ne r\u00e9glera rien. Voici o\u00f9 prendre appui pour ouvrir la conversation, comprendre ce qui entretient la division, et retrouver des possibilit\u00e9s de coop\u00e9ration \u2014 sans avoir \u00e0 choisir un camp.<\/p>\n","protected":false},"author":2,"featured_media":13057,"comment_status":"closed","ping_status":"open","sticky":false,"template":"","format":"standard","meta":{"_angie_page":false,"page_builder":"","footnotes":""},"categories":[114,113],"tags":[],"class_list":["post-13697","post","type-post","status-publish","format-standard","has-post-thumbnail","hentry","category-blog","category-team-fr"],"yoast_head":"<!-- This site is optimized with the Yoast SEO plugin v28.4 - https:\/\/yoast.com\/product\/yoast-seo-wordpress\/ -->\n<title>Face \u00e0 une \u00e9quipe divis\u00e9e, o\u00f9 prendre appui ? - Dominique Ara<\/title>\n<meta name=\"description\" content=\"Deux clans, une \u00e9quipe divis\u00e9e, et l&#039;impression que trancher n&#039;arrangera rien. O\u00f9 prendre appui pour ouvrir le dialogue sans choisir de camp?\" \/>\n<meta name=\"robots\" content=\"index, follow, max-snippet:-1, max-image-preview:large, max-video-preview:-1\" \/>\n<link rel=\"canonical\" href=\"https:\/\/dominique-ara.com\/fr\/blog\/equipe-divisee-ou-prendre-appui\/\" \/>\n<meta property=\"og:locale\" content=\"fr_FR\" \/>\n<meta property=\"og:type\" content=\"article\" \/>\n<meta property=\"og:title\" content=\"Face \u00e0 une \u00e9quipe divis\u00e9e, o\u00f9 prendre appui ? - Dominique Ara\" \/>\n<meta property=\"og:description\" content=\"Deux clans, une \u00e9quipe divis\u00e9e, et l&#039;impression que trancher n&#039;arrangera rien. O\u00f9 prendre appui pour ouvrir le dialogue sans choisir de camp?\" \/>\n<meta property=\"og:url\" content=\"https:\/\/dominique-ara.com\/fr\/blog\/equipe-divisee-ou-prendre-appui\/\" \/>\n<meta property=\"og:site_name\" content=\"Dominique Ara\" \/>\n<meta property=\"article:published_time\" content=\"2026-09-03T04:00:39+00:00\" \/>\n<meta property=\"og:image\" content=\"https:\/\/dominique-ara.com\/wp-content\/uploads\/2025\/11\/2025.11.10_1757.png\" \/>\n\t<meta property=\"og:image:width\" content=\"1552\" \/>\n\t<meta property=\"og:image:height\" content=\"867\" \/>\n\t<meta property=\"og:image:type\" content=\"image\/png\" \/>\n<meta name=\"author\" content=\"Dominique\" \/>\n<meta name=\"twitter:card\" content=\"summary_large_image\" \/>\n<meta name=\"twitter:label1\" content=\"\u00c9crit par\" \/>\n\t<meta name=\"twitter:data1\" content=\"Dominique\" \/>\n\t<meta name=\"twitter:label2\" content=\"Dur\u00e9e de lecture estim\u00e9e\" \/>\n\t<meta name=\"twitter:data2\" content=\"5 minutes\" \/>\n<script type=\"application\/ld+json\" class=\"yoast-schema-graph\">{\"@context\":\"https:\\\/\\\/schema.org\",\"@graph\":[{\"@type\":\"Article\",\"@id\":\"https:\\\/\\\/dominique-ara.com\\\/fr\\\/blog\\\/equipe-divisee-ou-prendre-appui\\\/#article\",\"isPartOf\":{\"@id\":\"https:\\\/\\\/dominique-ara.com\\\/fr\\\/blog\\\/equipe-divisee-ou-prendre-appui\\\/\"},\"author\":{\"name\":\"Dominique\",\"@id\":\"https:\\\/\\\/dominique-ara.com\\\/fr\\\/#\\\/schema\\\/person\\\/6f82292aace7c1dbbbe33690a33cb553\"},\"headline\":\"Face \u00e0 une \u00e9quipe divis\u00e9e, o\u00f9 prendre appui ?\",\"datePublished\":\"2026-09-03T04:00:39+00:00\",\"mainEntityOfPage\":{\"@id\":\"https:\\\/\\\/dominique-ara.com\\\/fr\\\/blog\\\/equipe-divisee-ou-prendre-appui\\\/\"},\"wordCount\":1013,\"publisher\":{\"@id\":\"https:\\\/\\\/dominique-ara.com\\\/fr\\\/#organization\"},\"image\":{\"@id\":\"https:\\\/\\\/dominique-ara.com\\\/fr\\\/blog\\\/equipe-divisee-ou-prendre-appui\\\/#primaryimage\"},\"thumbnailUrl\":\"https:\\\/\\\/dominique-ara.com\\\/wp-content\\\/uploads\\\/2025\\\/11\\\/2025.11.10_1757.png\",\"articleSection\":[\"Blog\",\"Team Coaching\"],\"inLanguage\":\"fr-FR\"},{\"@type\":\"WebPage\",\"@id\":\"https:\\\/\\\/dominique-ara.com\\\/fr\\\/blog\\\/equipe-divisee-ou-prendre-appui\\\/\",\"url\":\"https:\\\/\\\/dominique-ara.com\\\/fr\\\/blog\\\/equipe-divisee-ou-prendre-appui\\\/\",\"name\":\"Face \u00e0 une \u00e9quipe divis\u00e9e, o\u00f9 prendre appui ? - Dominique Ara\",\"isPartOf\":{\"@id\":\"https:\\\/\\\/dominique-ara.com\\\/fr\\\/#website\"},\"primaryImageOfPage\":{\"@id\":\"https:\\\/\\\/dominique-ara.com\\\/fr\\\/blog\\\/equipe-divisee-ou-prendre-appui\\\/#primaryimage\"},\"image\":{\"@id\":\"https:\\\/\\\/dominique-ara.com\\\/fr\\\/blog\\\/equipe-divisee-ou-prendre-appui\\\/#primaryimage\"},\"thumbnailUrl\":\"https:\\\/\\\/dominique-ara.com\\\/wp-content\\\/uploads\\\/2025\\\/11\\\/2025.11.10_1757.png\",\"datePublished\":\"2026-09-03T04:00:39+00:00\",\"description\":\"Deux clans, une \u00e9quipe divis\u00e9e, et l'impression que trancher n'arrangera rien. O\u00f9 prendre appui pour ouvrir le dialogue sans choisir de camp?\",\"breadcrumb\":{\"@id\":\"https:\\\/\\\/dominique-ara.com\\\/fr\\\/blog\\\/equipe-divisee-ou-prendre-appui\\\/#breadcrumb\"},\"inLanguage\":\"fr-FR\",\"potentialAction\":[{\"@type\":\"ReadAction\",\"target\":[\"https:\\\/\\\/dominique-ara.com\\\/fr\\\/blog\\\/equipe-divisee-ou-prendre-appui\\\/\"]}]},{\"@type\":\"ImageObject\",\"inLanguage\":\"fr-FR\",\"@id\":\"https:\\\/\\\/dominique-ara.com\\\/fr\\\/blog\\\/equipe-divisee-ou-prendre-appui\\\/#primaryimage\",\"url\":\"https:\\\/\\\/dominique-ara.com\\\/wp-content\\\/uploads\\\/2025\\\/11\\\/2025.11.10_1757.png\",\"contentUrl\":\"https:\\\/\\\/dominique-ara.com\\\/wp-content\\\/uploads\\\/2025\\\/11\\\/2025.11.10_1757.png\",\"width\":1552,\"height\":867},{\"@type\":\"BreadcrumbList\",\"@id\":\"https:\\\/\\\/dominique-ara.com\\\/fr\\\/blog\\\/equipe-divisee-ou-prendre-appui\\\/#breadcrumb\",\"itemListElement\":[{\"@type\":\"ListItem\",\"position\":1,\"name\":\"Home\",\"item\":\"https:\\\/\\\/dominique-ara.com\\\/fr\\\/\"},{\"@type\":\"ListItem\",\"position\":2,\"name\":\"Face \u00e0 une \u00e9quipe divis\u00e9e, o\u00f9 prendre appui ?\"}]},{\"@type\":\"WebSite\",\"@id\":\"https:\\\/\\\/dominique-ara.com\\\/fr\\\/#website\",\"url\":\"https:\\\/\\\/dominique-ara.com\\\/fr\\\/\",\"name\":\"Dominique Ara\",\"description\":\"Elevate Soft Skills &amp; Amplify Impact\",\"publisher\":{\"@id\":\"https:\\\/\\\/dominique-ara.com\\\/fr\\\/#organization\"},\"alternateName\":\"darasite\",\"potentialAction\":[{\"@type\":\"SearchAction\",\"target\":{\"@type\":\"EntryPoint\",\"urlTemplate\":\"https:\\\/\\\/dominique-ara.com\\\/fr\\\/?s={search_term_string}\"},\"query-input\":{\"@type\":\"PropertyValueSpecification\",\"valueRequired\":true,\"valueName\":\"search_term_string\"}}],\"inLanguage\":\"fr-FR\"},{\"@type\":\"Organization\",\"@id\":\"https:\\\/\\\/dominique-ara.com\\\/fr\\\/#organization\",\"name\":\"Dominique Ara\",\"url\":\"https:\\\/\\\/dominique-ara.com\\\/fr\\\/\",\"logo\":{\"@type\":\"ImageObject\",\"inLanguage\":\"fr-FR\",\"@id\":\"https:\\\/\\\/dominique-ara.com\\\/fr\\\/#\\\/schema\\\/logo\\\/image\\\/\",\"url\":\"https:\\\/\\\/dominique-ara.com\\\/wp-content\\\/uploads\\\/2025\\\/08\\\/Log_400x300.png\",\"contentUrl\":\"https:\\\/\\\/dominique-ara.com\\\/wp-content\\\/uploads\\\/2025\\\/08\\\/Log_400x300.png\",\"width\":400,\"height\":300,\"caption\":\"Dominique Ara\"},\"image\":{\"@id\":\"https:\\\/\\\/dominique-ara.com\\\/fr\\\/#\\\/schema\\\/logo\\\/image\\\/\"},\"sameAs\":[\"https:\\\/\\\/www.linkedin.com\\\/in\\\/dominique-ara\\\/\"]},{\"@type\":\"Person\",\"@id\":\"https:\\\/\\\/dominique-ara.com\\\/fr\\\/#\\\/schema\\\/person\\\/6f82292aace7c1dbbbe33690a33cb553\",\"name\":\"Dominique\",\"url\":\"https:\\\/\\\/dominique-ara.com\\\/fr\\\/blog\\\/author\\\/dominique\\\/\"}]}<\/script>\n<!-- \/ Yoast SEO plugin. -->","yoast_head_json":{"title":"Face \u00e0 une \u00e9quipe divis\u00e9e, o\u00f9 prendre appui ? - Dominique Ara","description":"Deux clans, une \u00e9quipe divis\u00e9e, et l'impression que trancher n'arrangera rien. O\u00f9 prendre appui pour ouvrir le dialogue sans choisir de camp?","robots":{"index":"index","follow":"follow","max-snippet":"max-snippet:-1","max-image-preview":"max-image-preview:large","max-video-preview":"max-video-preview:-1"},"canonical":"https:\/\/dominique-ara.com\/fr\/blog\/equipe-divisee-ou-prendre-appui\/","og_locale":"fr_FR","og_type":"article","og_title":"Face \u00e0 une \u00e9quipe divis\u00e9e, o\u00f9 prendre appui ? - Dominique Ara","og_description":"Deux clans, une \u00e9quipe divis\u00e9e, et l'impression que trancher n'arrangera rien. O\u00f9 prendre appui pour ouvrir le dialogue sans choisir de camp?","og_url":"https:\/\/dominique-ara.com\/fr\/blog\/equipe-divisee-ou-prendre-appui\/","og_site_name":"Dominique Ara","article_published_time":"2026-09-03T04:00:39+00:00","og_image":[{"width":1552,"height":867,"url":"https:\/\/dominique-ara.com\/wp-content\/uploads\/2025\/11\/2025.11.10_1757.png","type":"image\/png"}],"author":"Dominique","twitter_card":"summary_large_image","twitter_misc":{"\u00c9crit par":"Dominique","Dur\u00e9e de lecture estim\u00e9e":"5 minutes"},"schema":{"@context":"https:\/\/schema.org","@graph":[{"@type":"Article","@id":"https:\/\/dominique-ara.com\/fr\/blog\/equipe-divisee-ou-prendre-appui\/#article","isPartOf":{"@id":"https:\/\/dominique-ara.com\/fr\/blog\/equipe-divisee-ou-prendre-appui\/"},"author":{"name":"Dominique","@id":"https:\/\/dominique-ara.com\/fr\/#\/schema\/person\/6f82292aace7c1dbbbe33690a33cb553"},"headline":"Face \u00e0 une \u00e9quipe divis\u00e9e, o\u00f9 prendre appui ?","datePublished":"2026-09-03T04:00:39+00:00","mainEntityOfPage":{"@id":"https:\/\/dominique-ara.com\/fr\/blog\/equipe-divisee-ou-prendre-appui\/"},"wordCount":1013,"publisher":{"@id":"https:\/\/dominique-ara.com\/fr\/#organization"},"image":{"@id":"https:\/\/dominique-ara.com\/fr\/blog\/equipe-divisee-ou-prendre-appui\/#primaryimage"},"thumbnailUrl":"https:\/\/dominique-ara.com\/wp-content\/uploads\/2025\/11\/2025.11.10_1757.png","articleSection":["Blog","Team Coaching"],"inLanguage":"fr-FR"},{"@type":"WebPage","@id":"https:\/\/dominique-ara.com\/fr\/blog\/equipe-divisee-ou-prendre-appui\/","url":"https:\/\/dominique-ara.com\/fr\/blog\/equipe-divisee-ou-prendre-appui\/","name":"Face \u00e0 une \u00e9quipe divis\u00e9e, o\u00f9 prendre appui ? - Dominique Ara","isPartOf":{"@id":"https:\/\/dominique-ara.com\/fr\/#website"},"primaryImageOfPage":{"@id":"https:\/\/dominique-ara.com\/fr\/blog\/equipe-divisee-ou-prendre-appui\/#primaryimage"},"image":{"@id":"https:\/\/dominique-ara.com\/fr\/blog\/equipe-divisee-ou-prendre-appui\/#primaryimage"},"thumbnailUrl":"https:\/\/dominique-ara.com\/wp-content\/uploads\/2025\/11\/2025.11.10_1757.png","datePublished":"2026-09-03T04:00:39+00:00","description":"Deux clans, une \u00e9quipe divis\u00e9e, et l'impression que trancher n'arrangera rien. O\u00f9 prendre appui pour ouvrir le dialogue sans choisir de camp?","breadcrumb":{"@id":"https:\/\/dominique-ara.com\/fr\/blog\/equipe-divisee-ou-prendre-appui\/#breadcrumb"},"inLanguage":"fr-FR","potentialAction":[{"@type":"ReadAction","target":["https:\/\/dominique-ara.com\/fr\/blog\/equipe-divisee-ou-prendre-appui\/"]}]},{"@type":"ImageObject","inLanguage":"fr-FR","@id":"https:\/\/dominique-ara.com\/fr\/blog\/equipe-divisee-ou-prendre-appui\/#primaryimage","url":"https:\/\/dominique-ara.com\/wp-content\/uploads\/2025\/11\/2025.11.10_1757.png","contentUrl":"https:\/\/dominique-ara.com\/wp-content\/uploads\/2025\/11\/2025.11.10_1757.png","width":1552,"height":867},{"@type":"BreadcrumbList","@id":"https:\/\/dominique-ara.com\/fr\/blog\/equipe-divisee-ou-prendre-appui\/#breadcrumb","itemListElement":[{"@type":"ListItem","position":1,"name":"Home","item":"https:\/\/dominique-ara.com\/fr\/"},{"@type":"ListItem","position":2,"name":"Face \u00e0 une \u00e9quipe divis\u00e9e, o\u00f9 prendre appui ?"}]},{"@type":"WebSite","@id":"https:\/\/dominique-ara.com\/fr\/#website","url":"https:\/\/dominique-ara.com\/fr\/","name":"Dominique Ara","description":"Elevate Soft Skills &amp; Amplify Impact","publisher":{"@id":"https:\/\/dominique-ara.com\/fr\/#organization"},"alternateName":"darasite","potentialAction":[{"@type":"SearchAction","target":{"@type":"EntryPoint","urlTemplate":"https:\/\/dominique-ara.com\/fr\/?s={search_term_string}"},"query-input":{"@type":"PropertyValueSpecification","valueRequired":true,"valueName":"search_term_string"}}],"inLanguage":"fr-FR"},{"@type":"Organization","@id":"https:\/\/dominique-ara.com\/fr\/#organization","name":"Dominique Ara","url":"https:\/\/dominique-ara.com\/fr\/","logo":{"@type":"ImageObject","inLanguage":"fr-FR","@id":"https:\/\/dominique-ara.com\/fr\/#\/schema\/logo\/image\/","url":"https:\/\/dominique-ara.com\/wp-content\/uploads\/2025\/08\/Log_400x300.png","contentUrl":"https:\/\/dominique-ara.com\/wp-content\/uploads\/2025\/08\/Log_400x300.png","width":400,"height":300,"caption":"Dominique Ara"},"image":{"@id":"https:\/\/dominique-ara.com\/fr\/#\/schema\/logo\/image\/"},"sameAs":["https:\/\/www.linkedin.com\/in\/dominique-ara\/"]},{"@type":"Person","@id":"https:\/\/dominique-ara.com\/fr\/#\/schema\/person\/6f82292aace7c1dbbbe33690a33cb553","name":"Dominique","url":"https:\/\/dominique-ara.com\/fr\/blog\/author\/dominique\/"}]}},"_links":{"self":[{"href":"https:\/\/dominique-ara.com\/fr\/wp-json\/wp\/v2\/posts\/13697","targetHints":{"allow":["GET"]}}],"collection":[{"href":"https:\/\/dominique-ara.com\/fr\/wp-json\/wp\/v2\/posts"}],"about":[{"href":"https:\/\/dominique-ara.com\/fr\/wp-json\/wp\/v2\/types\/post"}],"author":[{"embeddable":true,"href":"https:\/\/dominique-ara.com\/fr\/wp-json\/wp\/v2\/users\/2"}],"replies":[{"embeddable":true,"href":"https:\/\/dominique-ara.com\/fr\/wp-json\/wp\/v2\/comments?post=13697"}],"version-history":[{"count":10,"href":"https:\/\/dominique-ara.com\/fr\/wp-json\/wp\/v2\/posts\/13697\/revisions"}],"predecessor-version":[{"id":13978,"href":"https:\/\/dominique-ara.com\/fr\/wp-json\/wp\/v2\/posts\/13697\/revisions\/13978"}],"wp:featuredmedia":[{"embeddable":true,"href":"https:\/\/dominique-ara.com\/fr\/wp-json\/wp\/v2\/media\/13057"}],"wp:attachment":[{"href":"https:\/\/dominique-ara.com\/fr\/wp-json\/wp\/v2\/media?parent=13697"}],"wp:term":[{"taxonomy":"category","embeddable":true,"href":"https:\/\/dominique-ara.com\/fr\/wp-json\/wp\/v2\/categories?post=13697"},{"taxonomy":"post_tag","embeddable":true,"href":"https:\/\/dominique-ara.com\/fr\/wp-json\/wp\/v2\/tags?post=13697"}],"curies":[{"name":"wp","href":"https:\/\/api.w.org\/{rel}","templated":true}]}}